{"id":18482,"date":"2026-04-28T08:46:40","date_gmt":"2026-04-28T08:46:40","guid":{"rendered":"https:\/\/teixeiraduarteconstrucao.com\/?p=18482"},"modified":"2026-04-28T08:47:16","modified_gmt":"2026-04-28T08:47:16","slug":"teixeira-duarte-and-arch-attended-the-28th-edition-of-tektonica","status":"publish","type":"post","link":"https:\/\/teixeiraduarteconstrucao.com\/en\/teixeira-duarte-and-arch-attended-the-28th-edition-of-tektonica\/","title":{"rendered":"Teixeira Duarte and ARCH attended the 28th edition of Tekt\u00f3nica"},"content":{"rendered":"<p>Teixeira Duarte \u2013 Engenharia e Constru\u00e7\u00f5es and ARCH participated in the 28th edition of Tekt\u00f3nica, which took place from April 23 to 25 at FIL in Lisbon, concurrently with the Lisbon Real Estate Fair (SIL).<\/p>\n<p>Recognized as the leading trade fair for the construction sector in Portugal, Tekt\u00f3nica brought together companies, professionals, and the general public, establishing itself as a premier venue for knowledge sharing, networking, and the presentation of innovative solutions for the sector.<\/p>\n<p>Sharing the same booth, the teams from Teixeira Duarte and ARCH welcomed hundreds of visitors, showcasing their projects, technical expertise, and the distinctive approach that defines their work.<\/p>\n<p>ARCH\u2019s presence at this edition was particularly significant as a new business unit focused on medium-sized projects in the residential, industrial, retail, and services segments, combining an agile and accessible structure with the know-how and accumulated experience of the national \u201cEngineering House.\u201d<\/p>\n<p>Over the course of the three days, we were able to provide a close and engaging experience for visitors, reflecting the brands\u2019 identities and how they position themselves in the sector.<\/p>\n<p>Participation in Tekt\u00f3nica 2026 reinforces Teixeira Duarte\u2019s commitment as an active and relevant player in the sector, and as a symbol of innovation and the creation of sustainable value.<\/p>\n<p>See below for some photos from the event:<\/p>\n","protected":false},"excerpt":{"rendered":"<p>Teixeira Duarte \u2013 Engenharia e Constru\u00e7\u00f5es and ARCH participated in the 28th edition of Tekt\u00f3nica, which took place from April 23 to 25 at FIL in Lisbon, concurrently with the Lisbon Real Estate Fair (SIL). Recognized as the leading trade fair for the construction sector in Portugal, Tekt\u00f3nica brought together companies, professionals, and the general &hellip; <a href=\"https:\/\/teixeiraduarteconstrucao.com\/en\/teixeira-duarte-and-arch-attended-the-28th-edition-of-tektonica\/\" class=\"more-link\">Continue reading <span class=\"screen-reader-text\">Teixeira Duarte and ARCH attended the 28th edition of Tekt\u00f3nica<\/span><\/a><\/p>\n","protected":false},"author":12,"featured_media":18524,"comment_status":"closed","ping_status":"closed","sticky":false,"template":"","format":"standard","meta":{"footnotes":""},"categories":[230],"tags":[],"class_list":["post-18482","post","type-post","status-publish","format-standard","has-post-thumbnail","hentry","category-news"],"yoast_head":"<!-- This site is optimized with the Yoast SEO plugin v26.7 - https:\/\/yoast.com\/wordpress\/plugins\/seo\/ -->\n<title>Teixeira Duarte and ARCH attended the 28th edition of Tekt\u00f3nica - Teixeira Duarte Constru\u00e7\u00e3o<\/title>\n<meta name=\"robots\" content=\"index, follow, max-snippet:-1, max-image-preview:large, max-video-preview:-1\" \/>\n<link rel=\"canonical\" href=\"https:\/\/teixeiraduarteconstrucao.com\/en\/teixeira-duarte-and-arch-attended-the-28th-edition-of-tektonica\/\" \/>\n<meta property=\"og:locale\" content=\"en_US\" \/>\n<meta property=\"og:type\" content=\"article\" \/>\n<meta property=\"og:title\" content=\"Teixeira Duarte and ARCH attended the 28th edition of Tekt\u00f3nica - Teixeira Duarte Constru\u00e7\u00e3o\" \/>\n<meta property=\"og:description\" content=\"Teixeira Duarte \u2013 Engenharia e Constru\u00e7\u00f5es and ARCH participated in the 28th edition of Tekt\u00f3nica, which took place from April 23 to 25 at FIL in Lisbon, concurrently with the Lisbon Real Estate Fair (SIL). Recognized as the leading trade fair for the construction sector in Portugal, Tekt\u00f3nica brought together companies, professionals, and the general &hellip; Continue reading Teixeira Duarte and ARCH attended the 28th edition of Tekt\u00f3nica\" \/>\n<meta property=\"og:url\" content=\"https:\/\/teixeiraduarteconstrucao.com\/en\/teixeira-duarte-and-arch-attended-the-28th-edition-of-tektonica\/\" \/>\n<meta property=\"og:site_name\" content=\"Teixeira Duarte Constru\u00e7\u00e3o\" \/>\n<meta property=\"article:publisher\" content=\"https:\/\/www.facebook.com\/teixeiraduarteconstrucao\/?locale=pt_PT\" \/>\n<meta property=\"article:published_time\" content=\"2026-04-28T08:46:40+00:00\" \/>\n<meta property=\"article:modified_time\" content=\"2026-04-28T08:47:16+00:00\" \/>\n<meta property=\"og:image\" content=\"https:\/\/teixeiraduarteconstrucao.com\/wp-content\/uploads\/2026\/04\/tektonica-2026-Imagem-Exterior-e-Push-Noticia-no-Portal-Noticia-Site-TD-EC-e-TDSA-1440x790-1.jpg\" \/>\n\t<meta property=\"og:image:width\" content=\"1440\" \/>\n\t<meta property=\"og:image:height\" content=\"790\" \/>\n\t<meta property=\"og:image:type\" content=\"image\/jpeg\" \/>\n<meta name=\"author\" content=\"marketingtd\" \/>\n<meta name=\"twitter:card\" content=\"summary_large_image\" \/>\n<meta name=\"twitter:label1\" content=\"Written by\" \/>\n\t<meta name=\"twitter:data1\" content=\"marketingtd\" \/>\n\t<meta name=\"twitter:label2\" content=\"Est. reading time\" \/>\n\t<meta name=\"twitter:data2\" content=\"2 minutes\" \/>\n<script type=\"application\/ld+json\" class=\"yoast-schema-graph\">{\"@context\":\"https:\/\/schema.org\",\"@graph\":[{\"@type\":\"Article\",\"@id\":\"https:\/\/teixeiraduarteconstrucao.com\/en\/teixeira-duarte-and-arch-attended-the-28th-edition-of-tektonica\/#article\",\"isPartOf\":{\"@id\":\"https:\/\/teixeiraduarteconstrucao.com\/en\/teixeira-duarte-and-arch-attended-the-28th-edition-of-tektonica\/\"},\"author\":{\"name\":\"marketingtd\",\"@id\":\"https:\/\/teixeiraduarteconstrucao.com\/en\/#\/schema\/person\/46141ce0b88b6fddcfc6637cabd6d043\"},\"headline\":\"Teixeira Duarte and ARCH attended the 28th edition of Tekt\u00f3nica\",\"datePublished\":\"2026-04-28T08:46:40+00:00\",\"dateModified\":\"2026-04-28T08:47:16+00:00\",\"mainEntityOfPage\":{\"@id\":\"https:\/\/teixeiraduarteconstrucao.com\/en\/teixeira-duarte-and-arch-attended-the-28th-edition-of-tektonica\/\"},\"wordCount\":226,\"publisher\":{\"@id\":\"https:\/\/teixeiraduarteconstrucao.com\/en\/#organization\"},\"image\":{\"@id\":\"https:\/\/teixeiraduarteconstrucao.com\/en\/teixeira-duarte-and-arch-attended-the-28th-edition-of-tektonica\/#primaryimage\"},\"thumbnailUrl\":\"https:\/\/teixeiraduarteconstrucao.com\/wp-content\/uploads\/2026\/04\/tektonica-2026-Imagem-Exterior-e-Push-Noticia-no-Portal-Noticia-Site-TD-EC-e-TDSA-1440x790-1.jpg\",\"articleSection\":[\"News\"],\"inLanguage\":\"en-US\"},{\"@type\":\"WebPage\",\"@id\":\"https:\/\/teixeiraduarteconstrucao.com\/en\/teixeira-duarte-and-arch-attended-the-28th-edition-of-tektonica\/\",\"url\":\"https:\/\/teixeiraduarteconstrucao.com\/en\/teixeira-duarte-and-arch-attended-the-28th-edition-of-tektonica\/\",\"name\":\"Teixeira Duarte and ARCH attended the 28th edition of Tekt\u00f3nica - Teixeira Duarte Constru\u00e7\u00e3o\",\"isPartOf\":{\"@id\":\"https:\/\/teixeiraduarteconstrucao.com\/en\/#website\"},\"primaryImageOfPage\":{\"@id\":\"https:\/\/teixeiraduarteconstrucao.com\/en\/teixeira-duarte-and-arch-attended-the-28th-edition-of-tektonica\/#primaryimage\"},\"image\":{\"@id\":\"https:\/\/teixeiraduarteconstrucao.com\/en\/teixeira-duarte-and-arch-attended-the-28th-edition-of-tektonica\/#primaryimage\"},\"thumbnailUrl\":\"https:\/\/teixeiraduarteconstrucao.com\/wp-content\/uploads\/2026\/04\/tektonica-2026-Imagem-Exterior-e-Push-Noticia-no-Portal-Noticia-Site-TD-EC-e-TDSA-1440x790-1.jpg\",\"datePublished\":\"2026-04-28T08:46:40+00:00\",\"dateModified\":\"2026-04-28T08:47:16+00:00\",\"breadcrumb\":{\"@id\":\"https:\/\/teixeiraduarteconstrucao.com\/en\/teixeira-duarte-and-arch-attended-the-28th-edition-of-tektonica\/#breadcrumb\"},\"inLanguage\":\"en-US\",\"potentialAction\":[{\"@type\":\"ReadAction\",\"target\":[\"https:\/\/teixeiraduarteconstrucao.com\/en\/teixeira-duarte-and-arch-attended-the-28th-edition-of-tektonica\/\"]}]},{\"@type\":\"ImageObject\",\"inLanguage\":\"en-US\",\"@id\":\"https:\/\/teixeiraduarteconstrucao.com\/en\/teixeira-duarte-and-arch-attended-the-28th-edition-of-tektonica\/#primaryimage\",\"url\":\"https:\/\/teixeiraduarteconstrucao.com\/wp-content\/uploads\/2026\/04\/tektonica-2026-Imagem-Exterior-e-Push-Noticia-no-Portal-Noticia-Site-TD-EC-e-TDSA-1440x790-1.jpg\",\"contentUrl\":\"https:\/\/teixeiraduarteconstrucao.com\/wp-content\/uploads\/2026\/04\/tektonica-2026-Imagem-Exterior-e-Push-Noticia-no-Portal-Noticia-Site-TD-EC-e-TDSA-1440x790-1.jpg\",\"width\":1440,\"height\":790},{\"@type\":\"BreadcrumbList\",\"@id\":\"https:\/\/teixeiraduarteconstrucao.com\/en\/teixeira-duarte-and-arch-attended-the-28th-edition-of-tektonica\/#breadcrumb\",\"itemListElement\":[{\"@type\":\"ListItem\",\"position\":1,\"name\":\"In\u00edcio\",\"item\":\"https:\/\/teixeiraduarteconstrucao.com\/en\/\"},{\"@type\":\"ListItem\",\"position\":2,\"name\":\"Teixeira Duarte and ARCH attended the 28th edition of Tekt\u00f3nica\"}]},{\"@type\":\"WebSite\",\"@id\":\"https:\/\/teixeiraduarteconstrucao.com\/en\/#website\",\"url\":\"https:\/\/teixeiraduarteconstrucao.com\/en\/\",\"name\":\"Teixeira Duarte Constru\u00e7\u00e3o\",\"description\":\"Pioneirismo e Inova\u00e7\u00e3o desde 1921\",\"publisher\":{\"@id\":\"https:\/\/teixeiraduarteconstrucao.com\/en\/#organization\"},\"potentialAction\":[{\"@type\":\"SearchAction\",\"target\":{\"@type\":\"EntryPoint\",\"urlTemplate\":\"https:\/\/teixeiraduarteconstrucao.com\/en\/?s={search_term_string}\"},\"query-input\":{\"@type\":\"PropertyValueSpecification\",\"valueRequired\":true,\"valueName\":\"search_term_string\"}}],\"inLanguage\":\"en-US\"},{\"@type\":\"Organization\",\"@id\":\"https:\/\/teixeiraduarteconstrucao.com\/en\/#organization\",\"name\":\"Teixeira Duarte - Engenharia e Constru\u00e7\u00f5es, S.A.\",\"url\":\"https:\/\/teixeiraduarteconstrucao.com\/en\/\",\"logo\":{\"@type\":\"ImageObject\",\"inLanguage\":\"en-US\",\"@id\":\"https:\/\/teixeiraduarteconstrucao.com\/en\/#\/schema\/logo\/image\/\",\"url\":\"https:\/\/teixeiraduarteconstrucao.com\/wp-content\/uploads\/2025\/04\/Logotipo-Teixeira-Duarte-EC-2024-positivo.png\",\"contentUrl\":\"https:\/\/teixeiraduarteconstrucao.com\/wp-content\/uploads\/2025\/04\/Logotipo-Teixeira-Duarte-EC-2024-positivo.png\",\"width\":3544,\"height\":1182,\"caption\":\"Teixeira Duarte - Engenharia e Constru\u00e7\u00f5es, S.A.\"},\"image\":{\"@id\":\"https:\/\/teixeiraduarteconstrucao.com\/en\/#\/schema\/logo\/image\/\"},\"sameAs\":[\"https:\/\/www.facebook.com\/teixeiraduarteconstrucao\/?locale=pt_PT\",\"https:\/\/www.linkedin.com\/company\/teixeira-duarte-engenharia-e-construcoes\"]},{\"@type\":\"Person\",\"@id\":\"https:\/\/teixeiraduarteconstrucao.com\/en\/#\/schema\/person\/46141ce0b88b6fddcfc6637cabd6d043\",\"name\":\"marketingtd\",\"image\":{\"@type\":\"ImageObject\",\"inLanguage\":\"en-US\",\"@id\":\"https:\/\/teixeiraduarteconstrucao.com\/en\/#\/schema\/person\/image\/\",\"url\":\"https:\/\/secure.gravatar.com\/avatar\/bb9b0d905f08a2e50d4c0e720bad62b644c5a69769921b0f9980b4e2d524c636?s=96&d=mm&r=g\",\"contentUrl\":\"https:\/\/secure.gravatar.com\/avatar\/bb9b0d905f08a2e50d4c0e720bad62b644c5a69769921b0f9980b4e2d524c636?s=96&d=mm&r=g\",\"caption\":\"marketingtd\"}}]}<\/script>\n<!-- \/ Yoast SEO plugin. -->","yoast_head_json":{"title":"Teixeira Duarte and ARCH attended the 28th edition of Tekt\u00f3nica - Teixeira Duarte Constru\u00e7\u00e3o","robots":{"index":"index","follow":"follow","max-snippet":"max-snippet:-1","max-image-preview":"max-image-preview:large","max-video-preview":"max-video-preview:-1"},"canonical":"https:\/\/teixeiraduarteconstrucao.com\/en\/teixeira-duarte-and-arch-attended-the-28th-edition-of-tektonica\/","og_locale":"en_US","og_type":"article","og_title":"Teixeira Duarte and ARCH attended the 28th edition of Tekt\u00f3nica - Teixeira Duarte Constru\u00e7\u00e3o","og_description":"Teixeira Duarte \u2013 Engenharia e Constru\u00e7\u00f5es and ARCH participated in the 28th edition of Tekt\u00f3nica, which took place from April 23 to 25 at FIL in Lisbon, concurrently with the Lisbon Real Estate Fair (SIL). Recognized as the leading trade fair for the construction sector in Portugal, Tekt\u00f3nica brought together companies, professionals, and the general &hellip; Continue reading Teixeira Duarte and ARCH attended the 28th edition of Tekt\u00f3nica","og_url":"https:\/\/teixeiraduarteconstrucao.com\/en\/teixeira-duarte-and-arch-attended-the-28th-edition-of-tektonica\/","og_site_name":"Teixeira Duarte Constru\u00e7\u00e3o","article_publisher":"https:\/\/www.facebook.com\/teixeiraduarteconstrucao\/?locale=pt_PT","article_published_time":"2026-04-28T08:46:40+00:00","article_modified_time":"2026-04-28T08:47:16+00:00","og_image":[{"width":1440,"height":790,"url":"https:\/\/teixeiraduarteconstrucao.com\/wp-content\/uploads\/2026\/04\/tektonica-2026-Imagem-Exterior-e-Push-Noticia-no-Portal-Noticia-Site-TD-EC-e-TDSA-1440x790-1.jpg","type":"image\/jpeg"}],"author":"marketingtd","twitter_card":"summary_large_image","twitter_misc":{"Written by":"marketingtd","Est. reading time":"2 minutes"},"schema":{"@context":"https:\/\/schema.org","@graph":[{"@type":"Article","@id":"https:\/\/teixeiraduarteconstrucao.com\/en\/teixeira-duarte-and-arch-attended-the-28th-edition-of-tektonica\/#article","isPartOf":{"@id":"https:\/\/teixeiraduarteconstrucao.com\/en\/teixeira-duarte-and-arch-attended-the-28th-edition-of-tektonica\/"},"author":{"name":"marketingtd","@id":"https:\/\/teixeiraduarteconstrucao.com\/en\/#\/schema\/person\/46141ce0b88b6fddcfc6637cabd6d043"},"headline":"Teixeira Duarte and ARCH attended the 28th edition of Tekt\u00f3nica","datePublished":"2026-04-28T08:46:40+00:00","dateModified":"2026-04-28T08:47:16+00:00","mainEntityOfPage":{"@id":"https:\/\/teixeiraduarteconstrucao.com\/en\/teixeira-duarte-and-arch-attended-the-28th-edition-of-tektonica\/"},"wordCount":226,"publisher":{"@id":"https:\/\/teixeiraduarteconstrucao.com\/en\/#organization"},"image":{"@id":"https:\/\/teixeiraduarteconstrucao.com\/en\/teixeira-duarte-and-arch-attended-the-28th-edition-of-tektonica\/#primaryimage"},"thumbnailUrl":"https:\/\/teixeiraduarteconstrucao.com\/wp-content\/uploads\/2026\/04\/tektonica-2026-Imagem-Exterior-e-Push-Noticia-no-Portal-Noticia-Site-TD-EC-e-TDSA-1440x790-1.jpg","articleSection":["News"],"inLanguage":"en-US"},{"@type":"WebPage","@id":"https:\/\/teixeiraduarteconstrucao.com\/en\/teixeira-duarte-and-arch-attended-the-28th-edition-of-tektonica\/","url":"https:\/\/teixeiraduarteconstrucao.com\/en\/teixeira-duarte-and-arch-attended-the-28th-edition-of-tektonica\/","name":"Teixeira Duarte and ARCH attended the 28th edition of Tekt\u00f3nica - Teixeira Duarte Constru\u00e7\u00e3o","isPartOf":{"@id":"https:\/\/teixeiraduarteconstrucao.com\/en\/#website"},"primaryImageOfPage":{"@id":"https:\/\/teixeiraduarteconstrucao.com\/en\/teixeira-duarte-and-arch-attended-the-28th-edition-of-tektonica\/#primaryimage"},"image":{"@id":"https:\/\/teixeiraduarteconstrucao.com\/en\/teixeira-duarte-and-arch-attended-the-28th-edition-of-tektonica\/#primaryimage"},"thumbnailUrl":"https:\/\/teixeiraduarteconstrucao.com\/wp-content\/uploads\/2026\/04\/tektonica-2026-Imagem-Exterior-e-Push-Noticia-no-Portal-Noticia-Site-TD-EC-e-TDSA-1440x790-1.jpg","datePublished":"2026-04-28T08:46:40+00:00","dateModified":"2026-04-28T08:47:16+00:00","breadcrumb":{"@id":"https:\/\/teixeiraduarteconstrucao.com\/en\/teixeira-duarte-and-arch-attended-the-28th-edition-of-tektonica\/#breadcrumb"},"inLanguage":"en-US","potentialAction":[{"@type":"ReadAction","target":["https:\/\/teixeiraduarteconstrucao.com\/en\/teixeira-duarte-and-arch-attended-the-28th-edition-of-tektonica\/"]}]},{"@type":"ImageObject","inLanguage":"en-US","@id":"https:\/\/teixeiraduarteconstrucao.com\/en\/teixeira-duarte-and-arch-attended-the-28th-edition-of-tektonica\/#primaryimage","url":"https:\/\/teixeiraduarteconstrucao.com\/wp-content\/uploads\/2026\/04\/tektonica-2026-Imagem-Exterior-e-Push-Noticia-no-Portal-Noticia-Site-TD-EC-e-TDSA-1440x790-1.jpg","contentUrl":"https:\/\/teixeiraduarteconstrucao.com\/wp-content\/uploads\/2026\/04\/tektonica-2026-Imagem-Exterior-e-Push-Noticia-no-Portal-Noticia-Site-TD-EC-e-TDSA-1440x790-1.jpg","width":1440,"height":790},{"@type":"BreadcrumbList","@id":"https:\/\/teixeiraduarteconstrucao.com\/en\/teixeira-duarte-and-arch-attended-the-28th-edition-of-tektonica\/#breadcrumb","itemListElement":[{"@type":"ListItem","position":1,"name":"In\u00edcio","item":"https:\/\/teixeiraduarteconstrucao.com\/en\/"},{"@type":"ListItem","position":2,"name":"Teixeira Duarte and ARCH attended the 28th edition of Tekt\u00f3nica"}]},{"@type":"WebSite","@id":"https:\/\/teixeiraduarteconstrucao.com\/en\/#website","url":"https:\/\/teixeiraduarteconstrucao.com\/en\/","name":"Teixeira Duarte Constru\u00e7\u00e3o","description":"Pioneirismo e Inova\u00e7\u00e3o desde 1921","publisher":{"@id":"https:\/\/teixeiraduarteconstrucao.com\/en\/#organization"},"potentialAction":[{"@type":"SearchAction","target":{"@type":"EntryPoint","urlTemplate":"https:\/\/teixeiraduarteconstrucao.com\/en\/?s={search_term_string}"},"query-input":{"@type":"PropertyValueSpecification","valueRequired":true,"valueName":"search_term_string"}}],"inLanguage":"en-US"},{"@type":"Organization","@id":"https:\/\/teixeiraduarteconstrucao.com\/en\/#organization","name":"Teixeira Duarte - Engenharia e Constru\u00e7\u00f5es, S.A.","url":"https:\/\/teixeiraduarteconstrucao.com\/en\/","logo":{"@type":"ImageObject","inLanguage":"en-US","@id":"https:\/\/teixeiraduarteconstrucao.com\/en\/#\/schema\/logo\/image\/","url":"https:\/\/teixeiraduarteconstrucao.com\/wp-content\/uploads\/2025\/04\/Logotipo-Teixeira-Duarte-EC-2024-positivo.png","contentUrl":"https:\/\/teixeiraduarteconstrucao.com\/wp-content\/uploads\/2025\/04\/Logotipo-Teixeira-Duarte-EC-2024-positivo.png","width":3544,"height":1182,"caption":"Teixeira Duarte - Engenharia e Constru\u00e7\u00f5es, S.A."},"image":{"@id":"https:\/\/teixeiraduarteconstrucao.com\/en\/#\/schema\/logo\/image\/"},"sameAs":["https:\/\/www.facebook.com\/teixeiraduarteconstrucao\/?locale=pt_PT","https:\/\/www.linkedin.com\/company\/teixeira-duarte-engenharia-e-construcoes"]},{"@type":"Person","@id":"https:\/\/teixeiraduarteconstrucao.com\/en\/#\/schema\/person\/46141ce0b88b6fddcfc6637cabd6d043","name":"marketingtd","image":{"@type":"ImageObject","inLanguage":"en-US","@id":"https:\/\/teixeiraduarteconstrucao.com\/en\/#\/schema\/person\/image\/","url":"https:\/\/secure.gravatar.com\/avatar\/bb9b0d905f08a2e50d4c0e720bad62b644c5a69769921b0f9980b4e2d524c636?s=96&d=mm&r=g","contentUrl":"https:\/\/secure.gravatar.com\/avatar\/bb9b0d905f08a2e50d4c0e720bad62b644c5a69769921b0f9980b4e2d524c636?s=96&d=mm&r=g","caption":"marketingtd"}}]}},"_links":{"self":[{"href":"https:\/\/teixeiraduarteconstrucao.com\/en\/wp-json\/wp\/v2\/posts\/18482","targetHints":{"allow":["GET"]}}],"collection":[{"href":"https:\/\/teixeiraduarteconstrucao.com\/en\/wp-json\/wp\/v2\/posts"}],"about":[{"href":"https:\/\/teixeiraduarteconstrucao.com\/en\/wp-json\/wp\/v2\/types\/post"}],"author":[{"embeddable":true,"href":"https:\/\/teixeiraduarteconstrucao.com\/en\/wp-json\/wp\/v2\/users\/12"}],"replies":[{"embeddable":true,"href":"https:\/\/teixeiraduarteconstrucao.com\/en\/wp-json\/wp\/v2\/comments?post=18482"}],"version-history":[{"count":2,"href":"https:\/\/teixeiraduarteconstrucao.com\/en\/wp-json\/wp\/v2\/posts\/18482\/revisions"}],"predecessor-version":[{"id":18526,"href":"https:\/\/teixeiraduarteconstrucao.com\/en\/wp-json\/wp\/v2\/posts\/18482\/revisions\/18526"}],"wp:featuredmedia":[{"embeddable":true,"href":"https:\/\/teixeiraduarteconstrucao.com\/en\/wp-json\/wp\/v2\/media\/18524"}],"wp:attachment":[{"href":"https:\/\/teixeiraduarteconstrucao.com\/en\/wp-json\/wp\/v2\/media?parent=18482"}],"wp:term":[{"taxonomy":"category","embeddable":true,"href":"https:\/\/teixeiraduarteconstrucao.com\/en\/wp-json\/wp\/v2\/categories?post=18482"},{"taxonomy":"post_tag","embeddable":true,"href":"https:\/\/teixeiraduarteconstrucao.com\/en\/wp-json\/wp\/v2\/tags?post=18482"}],"curies":[{"name":"wp","href":"https:\/\/api.w.org\/{rel}","templated":true}]}}